{"id":18,"date":"2023-09-14T11:00:40","date_gmt":"2023-09-14T11:00:40","guid":{"rendered":"https:\/\/www.nadacehanyzagorove.cz\/?p=18"},"modified":"2023-09-14T13:36:08","modified_gmt":"2023-09-14T13:36:08","slug":"perfectly-on-furniture","status":"publish","type":"post","link":"https:\/\/www.nadacehanyzagorove.cz\/?p=18","title":{"rendered":"Pocty Han\u011b Zagorov\u00e9"},"content":{"rendered":"\n<h3 class=\"wp-block-heading title\">19. 12. 2023 &#8211; Lucerna<br>6. 2. 2024 &#8211; O2 arena<\/h3>\n\n\n\n<p>Vzpom\u00ednkov\u00e9 galakoncerty kter\u00e9 budou poctou Han\u011b Zagorov\u00e9, se bl\u00ed\u017e\u00ed. Ten ve slavn\u00e9 Lucern\u011b se odehraje u\u017e letos 19.prosince a v O2 ar\u00e9n\u011b pak 6.\u00fanora p\u0159\u00ed\u0161t\u00edho roku. Program ve\u010dera vych\u00e1z\u00ed ze sc\u00e9n\u00e1\u0159e koncertu, kter\u00fd p\u0159ipravovala samotn\u00e1 Hana Zagorov\u00e1, u p\u0159\u00edle\u017eitosti pl\u00e1novan\u00e9 oslavy 75. narozenin a kter\u00fd se nakonec bohu\u017eel neuskute\u010dnil. Jedna z nejv\u011bt\u0161\u00edch hv\u011bzd a st\u00e1lic \u010desk\u00e9 popul\u00e1rn\u00ed sc\u00e9ny, dev\u00edtin\u00e1sobn\u00e1 zlat\u00e1 slavice, dr\u017eitelka Diamantov\u00e9 desky Supraphonu za v\u00edce ne\u017e 10 milion\u016f prodan\u00fdch zvukov\u00fdch nosi\u010d\u016f a \u010dlenka S\u00edn\u011b sl\u00e1vy hudebn\u00edch cen And\u011bl, za sv\u016fj \u017eivot pot\u011b\u0161ila nespo\u010det fanou\u0161k\u016f a bu\u010fte si jist\u00ed, \u017ee radost bude jej\u00ed hudba rozd\u00e1vat i d\u00e1le. Velkolep\u00e1 show \u201cPocta Han\u011b Zagorov\u00e9\u201d bude oslavou jej\u00ed tvorby a zazn\u00ed ty nejv\u011bt\u0161\u00ed hity nap\u0159\u00ed\u010d celou jej\u00ed hudebn\u00ed kari\u00e9rou. Hv\u011bzdn\u00e9 hosty bude doprov\u00e1zet (jak v\u017edy Hanka \u0159\u00edkala) \u00fa\u017easn\u00fd Boom! Band Ji\u0159\u00edho Dvo\u0159\u00e1ka.<\/p>\n\n\n\n<figure class=\"wp-block-image size-large\"><img loading=\"lazy\" decoding=\"async\" width=\"1024\" height=\"1024\" src=\"http:\/\/www.nadacehanyzagorove.cz\/wp-content\/uploads\/2023\/09\/9963ba0f-8f1e-4cc2-9ee1-4c3fddb68391-1024x1024.jpg\" alt=\"\" class=\"wp-image-82\" srcset=\"https:\/\/www.nadacehanyzagorove.cz\/wp-content\/uploads\/2023\/09\/9963ba0f-8f1e-4cc2-9ee1-4c3fddb68391-1024x1024.jpg 1024w, https:\/\/www.nadacehanyzagorove.cz\/wp-content\/uploads\/2023\/09\/9963ba0f-8f1e-4cc2-9ee1-4c3fddb68391-300x300.jpg 300w, https:\/\/www.nadacehanyzagorove.cz\/wp-content\/uploads\/2023\/09\/9963ba0f-8f1e-4cc2-9ee1-4c3fddb68391-150x150.jpg 150w, https:\/\/www.nadacehanyzagorove.cz\/wp-content\/uploads\/2023\/09\/9963ba0f-8f1e-4cc2-9ee1-4c3fddb68391-768x768.jpg 768w, https:\/\/www.nadacehanyzagorove.cz\/wp-content\/uploads\/2023\/09\/9963ba0f-8f1e-4cc2-9ee1-4c3fddb68391.jpg 1080w\" sizes=\"auto, (max-width: 1024px) 100vw, 1024px\" \/><\/figure>\n","protected":false},"excerpt":{"rendered":"<p>19. 12. 2023 &#8211; Lucerna6. 2. 2024 &#8211; O2 arena Vzpom\u00ednkov\u00e9 galakoncerty kter\u00e9 budou poctou Han\u011b Zagorov\u00e9, se bl\u00ed\u017e\u00ed. Ten ve slavn\u00e9 Lucern\u011b se odehraje u\u017e letos 19.prosince a v O2 ar\u00e9n\u011b pak 6.\u00fanora p\u0159\u00ed\u0161t\u00edho roku. Program ve\u010dera vych\u00e1z\u00ed ze sc\u00e9n\u00e1\u0159e koncertu, kter\u00fd p\u0159ipravovala samotn\u00e1 Hana Zagorov\u00e1, u p\u0159\u00edle\u017eitosti pl\u00e1novan\u00e9 [&hellip;]<\/p>\n","protected":false},"author":1,"featured_media":82,"comment_status":"closed","ping_status":"open","sticky":false,"template":"","format":"standard","meta":{"footnotes":""},"categories":[3],"tags":[],"class_list":["post-18","post","type-post","status-publish","format-standard","has-post-thumbnail","hentry","category-nadace-hz"],"_links":{"self":[{"href":"https:\/\/www.nadacehanyzagorove.cz\/index.php?rest_route=\/wp\/v2\/posts\/18","targetHints":{"allow":["GET"]}}],"collection":[{"href":"https:\/\/www.nadacehanyzagorove.cz\/index.php?rest_route=\/wp\/v2\/posts"}],"about":[{"href":"https:\/\/www.nadacehanyzagorove.cz\/index.php?rest_route=\/wp\/v2\/types\/post"}],"author":[{"embeddable":true,"href":"https:\/\/www.nadacehanyzagorove.cz\/index.php?rest_route=\/wp\/v2\/users\/1"}],"replies":[{"embeddable":true,"href":"https:\/\/www.nadacehanyzagorove.cz\/index.php?rest_route=%2Fwp%2Fv2%2Fcomments&post=18"}],"version-history":[{"count":3,"href":"https:\/\/www.nadacehanyzagorove.cz\/index.php?rest_route=\/wp\/v2\/posts\/18\/revisions"}],"predecessor-version":[{"id":84,"href":"https:\/\/www.nadacehanyzagorove.cz\/index.php?rest_route=\/wp\/v2\/posts\/18\/revisions\/84"}],"wp:featuredmedia":[{"embeddable":true,"href":"https:\/\/www.nadacehanyzagorove.cz\/index.php?rest_route=\/wp\/v2\/media\/82"}],"wp:attachment":[{"href":"https:\/\/www.nadacehanyzagorove.cz\/index.php?rest_route=%2Fwp%2Fv2%2Fmedia&parent=18"}],"wp:term":[{"taxonomy":"category","embeddable":true,"href":"https:\/\/www.nadacehanyzagorove.cz\/index.php?rest_route=%2Fwp%2Fv2%2Fcategories&post=18"},{"taxonomy":"post_tag","embeddable":true,"href":"https:\/\/www.nadacehanyzagorove.cz\/index.php?rest_route=%2Fwp%2Fv2%2Ftags&post=18"}],"curies":[{"name":"wp","href":"https:\/\/api.w.org\/{rel}","templated":true}]}}